{"id":279,"date":"2008-06-02T23:56:00","date_gmt":"2008-06-02T23:56:00","guid":{"rendered":"http:\/\/www.gogo.fr\/nous\/2008\/06\/02\/2008-06-02-speciale-dedicace-a-agathe-lectrice-silencieuse\/"},"modified":"2008-06-02T23:56:00","modified_gmt":"2008-06-02T23:56:00","slug":"2008-06-02-speciale-dedicace-a-agathe-lectrice-silencieuse","status":"publish","type":"post","link":"http:\/\/www.gogo.fr\/nous\/2008\/06\/02\/2008-06-02-speciale-dedicace-a-agathe-lectrice-silencieuse\/","title":{"rendered":"Sp\u00e9ciale d\u00e9dicace \u00e0 Agathe, lectrice silencieuse mais assidue"},"content":{"rendered":"<p>Ce week-end nous \u00e9tions en Normandie, non pas chez mon p\u00e8re (\u00e7a c&rsquo;est le prochain week end), mais pour notre bapt\u00eame du feu de festivaliers&nbsp;! Et en bonne compagnie puisque Dimitri et Nathalie, Fabien, Vincent et Caroline  (l\u00e0 une <a href=\"http:\/\/lh3.ggpht.com\/vboucher\/SEW2oHvNVNI\/AAAAAAAABi0\/omfUuCBaIj0\/photos%20010.jpg?imgmax=800\" hreflang=\"fr\">photo<\/a> prise par Vincent) nous accompagnaient. A quelques kilom\u00e8tres de chez ma grand-m\u00e8re, dans le canton de <a href=\"http:\/\/maps.google.fr\/maps?hl=fr&amp;q=Br%C3%A9cey&amp;lr=lang_fr&amp;ie=UTF8&amp;ll=48.725397,-1.166954&amp;spn=0.112787,0.32135&amp;z=12\" hreflang=\"fr\">Br\u00e9cey<\/a>, se tenait la huiti\u00e8me \u00e9dition des&#8230;<\/p>\n<p><a href=\"http:\/\/www.papillonsdenuit.com\/\" hreflang=\"fr\"><img decoding=\"async\" src=\"http:\/\/www.papillonsdenuit.com\/imgindex\/accueil.jpg\" alt=\"\" \/><\/a><\/p>\n<p><a href=\"http:\/\/www.flickr.com\/photos\/djweb\/2545343982\/\" hreflang=\"fr\"><img decoding=\"async\" src=\"http:\/\/farm4.static.flickr.com\/3038\/2545343982_3e9c89f509_m.jpg\" alt=\"La Maison Tellier\" style=\"float:right; margin: 0 0 1em 1em;\" \/><\/a> C&rsquo;est \u00e9tonnant de voir un village de 500 habitants, autour duquel j&rsquo;ai pass\u00e9 toutes mes vacances en tant qu&rsquo;enfant (une grande rue avec des petites maisons de pierre, une petite \u00e9glise en granit, un unique bistrot&#8230;), se transformer pendant 3 jours en une telle foire.<\/p>\n<p><a href=\"http:\/\/www.flickr.com\/photos\/djweb\/2544518523\/\" hreflang=\"fr\"><img decoding=\"async\" src=\"http:\/\/farm4.static.flickr.com\/3017\/2544518523_e41131d13e_m.jpg\" alt=\"The Hives\" style=\"float:left; margin: 0 1em 1em 0;\" \/><\/a> Bref, le programme&nbsp;: samedi the D\u00f8 (on \u00e9tait \u00e0 la bourre et donc un peu mal plac\u00e9s, c&rsquo;est con&#8230;), Luke (\u00e7a c&rsquo;\u00e9tait pour passer le temps \ud83d\ude42 ), <a href=\"http:\/\/www.lamaisontellier.com\/\" hreflang=\"fr\">la Maison Tellier<\/a> (je suis assez fan de leurs chansons en fran\u00e7ais, cf. photo de droite), les Babyshambles (le groupe de Pete Doherty, j&rsquo;ai s\u00e9ch\u00e9 personnellement mais Sarah <em>was there<\/em>), les BB Brunes (ahah), The Hives (concert assez incroyable, avec une puissance sonore qui n&rsquo;a d&rsquo;\u00e9gal que l&rsquo;\u00e9go du chanteur, cf. photo de gauche).<\/p>\n<p>Dimanche, Camille (fid\u00e8le \u00e0 ce que j&rsquo;imaginais) et <a href=\"http:\/\/www.hocuspocus.fr\/\" hreflang=\"fr\">Hocus Pocus<\/a> (qui ont confirm\u00e9 tout le bien que je pensais d&rsquo;eux&nbsp;: une rythmique g\u00e9niale et des paroles bien senties). On a loup\u00e9 Yael Naim parce que c&rsquo;\u00e9tait trop t\u00f4t pour nous (&#8230;), Stereophonics, Syd Matters, les Cowboys Fringants parce que c&rsquo;\u00e9tait trop tard. L&rsquo;ann\u00e9e prochaine, on prendra un jour de cong\u00e9 lundi&#8230;<\/p>\n<p>Si vous avez cinq minutes \u00e0 perdre, on trouve de chouettes photos sur flickr, notamment sur les comptes de <a href=\"http:\/\/www.flickr.com\/photos\/djweb\/collections\/72157605068562089\/\" hreflang=\"fr\">djweb<\/a> (d&rsquo;o\u00f9 proviennent les jolies photos de ce post) et <a href=\"http:\/\/www.flickr.com\/photos\/geraldvidamment\/tags\/stlaurentdecuves\/\" hreflang=\"fr\">geraldvidamment<\/a>.<\/p>\n","protected":false},"excerpt":{"rendered":"<p>Ce week-end nous \u00e9tions en Normandie, non pas chez mon p\u00e8re (\u00e7a c&rsquo;est le prochain week end), mais pour notre bapt\u00eame du feu de festivaliers&nbsp;! Et en bonne compagnie puisque Dimitri et Nathalie, Fabien, Vincent et Caroline (l\u00e0 une photo prise par Vincent) nous accompagnaient. A quelques kilom\u00e8tres de chez ma grand-m\u00e8re, dans le canton &hellip; <a href=\"http:\/\/www.gogo.fr\/nous\/2008\/06\/02\/2008-06-02-speciale-dedicace-a-agathe-lectrice-silencieuse\/\" class=\"more-link\">Continuer la lecture de <span class=\"screen-reader-text\">Sp\u00e9ciale d\u00e9dicace \u00e0 Agathe, lectrice silencieuse mais assidue<\/span><\/a><\/p>\n","protected":false},"author":15,"featured_media":0,"comment_status":"open","ping_status":"open","sticky":false,"template":"","format":"standard","meta":{"jetpack_post_was_ever_published":false,"_jetpack_newsletter_access":"","_jetpack_dont_email_post_to_subs":false,"_jetpack_newsletter_tier_id":0,"_jetpack_memberships_contains_paywalled_content":false,"footnotes":"","_jetpack_memberships_contains_paid_content":false,"jetpack_publicize_message":"","jetpack_publicize_feature_enabled":true,"jetpack_social_post_already_shared":false,"jetpack_social_options":{"image_generator_settings":{"template":"highway","enabled":false},"version":2}},"categories":[4],"tags":[],"jetpack_publicize_connections":[],"jetpack_featured_media_url":"","jetpack_sharing_enabled":true,"jetpack_shortlink":"https:\/\/wp.me\/pa2BxF-4v","_links":{"self":[{"href":"http:\/\/www.gogo.fr\/nous\/wp-json\/wp\/v2\/posts\/279"}],"collection":[{"href":"http:\/\/www.gogo.fr\/nous\/wp-json\/wp\/v2\/posts"}],"about":[{"href":"http:\/\/www.gogo.fr\/nous\/wp-json\/wp\/v2\/types\/post"}],"author":[{"embeddable":true,"href":"http:\/\/www.gogo.fr\/nous\/wp-json\/wp\/v2\/users\/15"}],"replies":[{"embeddable":true,"href":"http:\/\/www.gogo.fr\/nous\/wp-json\/wp\/v2\/comments?post=279"}],"version-history":[{"count":0,"href":"http:\/\/www.gogo.fr\/nous\/wp-json\/wp\/v2\/posts\/279\/revisions"}],"wp:attachment":[{"href":"http:\/\/www.gogo.fr\/nous\/wp-json\/wp\/v2\/media?parent=279"}],"wp:term":[{"taxonomy":"category","embeddable":true,"href":"http:\/\/www.gogo.fr\/nous\/wp-json\/wp\/v2\/categories?post=279"},{"taxonomy":"post_tag","embeddable":true,"href":"http:\/\/www.gogo.fr\/nous\/wp-json\/wp\/v2\/tags?post=279"}],"curies":[{"name":"wp","href":"https:\/\/api.w.org\/{rel}","templated":true}]}}