{"id":79,"date":"2008-06-13T14:50:00","date_gmt":"2008-06-13T14:50:00","guid":{"rendered":"http:\/\/www.gogo.fr\/nous\/2008\/06\/13\/2008-06-13-comme-un-air-de-deja-vu\/"},"modified":"2008-06-13T14:50:00","modified_gmt":"2008-06-13T14:50:00","slug":"2008-06-13-comme-un-air-de-deja-vu","status":"publish","type":"post","link":"http:\/\/www.gogo.fr\/nous\/2008\/06\/13\/2008-06-13-comme-un-air-de-deja-vu\/","title":{"rendered":"Comme un air de d\u00e9j\u00e0 vu"},"content":{"rendered":"<p>Les irlandais, seul peuple consult\u00e9 \u00e0 ce sujet, sont en passe de rembarrer le trait\u00e9 de Lisbonne, suite du fameux TCE que nous avons nous-m\u00eames refus\u00e9s il y a trois ans dans les conditions que l&rsquo;on sait.<\/p>\n<p>Il y a quelques jours, un amendement a \u00e9t\u00e9 ajout\u00e9 \u00e0 la hussarde \u00e0 la r\u00e9forme de la Constitution Fran\u00e7aise de fa\u00e7on \u00e0 obliger l&rsquo;organisation d&rsquo;un r\u00e9f\u00e9rendum (dont le r\u00e9sultat est couru d&rsquo;avance) sur l&rsquo;adh\u00e9sion de la Turquie \u00e0 l&rsquo;UE.<\/p>\n<p>J&rsquo;observe cette peur prendre le dessus sur notre int\u00e9r\u00eat commun (une Europe forte, puissante, solide, mod\u00e8le d\u00e9mocratique et social), et je deviens moi-m\u00eame inquiet quant \u00e0 l&rsquo;avenir de nos enfants (car qui ose croire \u00e0 <q>une autre Europe<\/q> ?). <\/p>\n<p> <s>J&rsquo;allais oublier&nbsp;: allez les bleus&nbsp;! <strong>Et brisez moi les bataves&nbsp;! <\/strong><\/s><\/p>\n<p> <span style=\"font-size: 70%;\"><s>Comment \u00e7a j&rsquo;suis pas coh\u00e9rent ?!<\/s><\/span><s> \ud83d\ude42<\/s> <\/p>\n<p> Ca m&rsquo;apprendra \u00e0 \u00e9crire des b\u00eatises. :p<\/p>\n","protected":false},"excerpt":{"rendered":"<p>Les irlandais, seul peuple consult\u00e9 \u00e0 ce sujet, sont en passe de rembarrer le trait\u00e9 de Lisbonne, suite du fameux TCE que nous avons nous-m\u00eames refus\u00e9s il y a trois ans dans les conditions que l&rsquo;on sait. Il y a quelques jours, un amendement a \u00e9t\u00e9 ajout\u00e9 \u00e0 la hussarde \u00e0 la r\u00e9forme de la &hellip; <a href=\"http:\/\/www.gogo.fr\/nous\/2008\/06\/13\/2008-06-13-comme-un-air-de-deja-vu\/\" class=\"more-link\">Continuer la lecture de <span class=\"screen-reader-text\">Comme un air de d\u00e9j\u00e0 vu<\/span><\/a><\/p>\n","protected":false},"author":15,"featured_media":0,"comment_status":"open","ping_status":"closed","sticky":false,"template":"","format":"standard","meta":{"jetpack_post_was_ever_published":false,"_jetpack_newsletter_access":"","_jetpack_dont_email_post_to_subs":false,"_jetpack_newsletter_tier_id":0,"_jetpack_memberships_contains_paywalled_content":false,"footnotes":"","_jetpack_memberships_contains_paid_content":false,"jetpack_publicize_message":"","jetpack_publicize_feature_enabled":true,"jetpack_social_post_already_shared":false,"jetpack_social_options":{"image_generator_settings":{"template":"highway","enabled":false},"version":2}},"categories":[2],"tags":[],"jetpack_publicize_connections":[],"jetpack_featured_media_url":"","jetpack_sharing_enabled":true,"jetpack_shortlink":"https:\/\/wp.me\/pa2BxF-1h","_links":{"self":[{"href":"http:\/\/www.gogo.fr\/nous\/wp-json\/wp\/v2\/posts\/79"}],"collection":[{"href":"http:\/\/www.gogo.fr\/nous\/wp-json\/wp\/v2\/posts"}],"about":[{"href":"http:\/\/www.gogo.fr\/nous\/wp-json\/wp\/v2\/types\/post"}],"author":[{"embeddable":true,"href":"http:\/\/www.gogo.fr\/nous\/wp-json\/wp\/v2\/users\/15"}],"replies":[{"embeddable":true,"href":"http:\/\/www.gogo.fr\/nous\/wp-json\/wp\/v2\/comments?post=79"}],"version-history":[{"count":0,"href":"http:\/\/www.gogo.fr\/nous\/wp-json\/wp\/v2\/posts\/79\/revisions"}],"wp:attachment":[{"href":"http:\/\/www.gogo.fr\/nous\/wp-json\/wp\/v2\/media?parent=79"}],"wp:term":[{"taxonomy":"category","embeddable":true,"href":"http:\/\/www.gogo.fr\/nous\/wp-json\/wp\/v2\/categories?post=79"},{"taxonomy":"post_tag","embeddable":true,"href":"http:\/\/www.gogo.fr\/nous\/wp-json\/wp\/v2\/tags?post=79"}],"curies":[{"name":"wp","href":"https:\/\/api.w.org\/{rel}","templated":true}]}}